{"id":422,"date":"2025-09-24T11:44:05","date_gmt":"2025-09-24T09:44:05","guid":{"rendered":"http:\/\/steyr.ipa.tu-berlin.de\/?p=422"},"modified":"2025-10-05T21:38:24","modified_gmt":"2025-10-05T19:38:24","slug":"ersti-woche-wintersemester-2025","status":"publish","type":"post","link":"https:\/\/steyr.ipa.tu-berlin.de\/?p=422","title":{"rendered":"Ersti-Woche Wintersemester 2025"},"content":{"rendered":"\n<p id=\"block-191afe47-6c42-43ae-b27e-af6097da0133\"><strong>Herzlich Willkommen im Masterstudiengang Human Factors!<\/strong><\/p>\n\n\n\n<p id=\"block-f76437c0-96b4-4f38-9e8b-4dd0a6911a42\">Die Ersti-Woche f\u00fcr das Wintersemester 2025\/26 findet vom <strong>13. bis 17. Oktober 2025<\/strong> statt. Die <strong>Einf\u00fchrungsveranstaltung <\/strong>ist am<strong> 15.10. <\/strong>von<strong> 10:45 bis 11:30 Uhr <\/strong>in Raum<strong> H 1058 <\/strong>(Hauptgeb\u00e4ude, Stra\u00dfe des 17. Juni 135, 10623 Berlin. Oder hier: <a href=\"https:\/\/www.tu.berlin\/studieren\/uni-leben\/campusplan\">Campusplan<\/a>). Au\u00dferdem wird es Vorstellungen der Fachgebiete und viele Events zum Kennenlernen geben.<\/p>\n\n\n\n<p id=\"block-5d3ce329-41d5-429c-9089-c098f32cc876\">Weitere Informationen, wie einen Link zur WhatsApp-Gruppe, findet ihr in unserem&nbsp;<a href=\"https:\/\/isis.tu-berlin.de\/course\/view.php?id=32224\">ISIS Kurs<\/a>.<\/p>\n\n\n\n<p id=\"block-72f28274-cf98-4b91-be89-80c8862dbca4\">Unten findet ihr den Eventplan f\u00fcr die Ersti-Woche, er wird fortlaufend erg\u00e4nzt &#8211; also stay tuned \ud83d\ude42<\/p>\n\n\n\n<p id=\"block-a2d4436d-f0d7-4034-991c-9332dd8c5661\">Wir freuen uns auf euch!<\/p>\n\n\n\n<p id=\"block-6741a169-1368-475f-a8f2-98843ac76db5\">Euer HF Chapter<\/p>\n\n\n\n<figure class=\"wp-block-gallery has-nested-images columns-default is-cropped wp-block-gallery-1 is-layout-flex wp-block-gallery-is-layout-flex\">\n<figure class=\"wp-block-image size-large\" id=\"block-3631bf19-53a4-4b0c-8b6c-a279aa9efee6\"><img loading=\"lazy\" decoding=\"async\" width=\"724\" height=\"1024\" data-id=\"426\" src=\"https:\/\/steyr.ipa.tu-berlin.de\/wp-content\/uploads\/0-724x1024.jpg\" alt=\"\" class=\"wp-image-426\" srcset=\"https:\/\/steyr.ipa.tu-berlin.de\/wp-content\/uploads\/0-724x1024.jpg 724w, https:\/\/steyr.ipa.tu-berlin.de\/wp-content\/uploads\/0-212x300.jpg 212w, https:\/\/steyr.ipa.tu-berlin.de\/wp-content\/uploads\/0-768x1086.jpg 768w, https:\/\/steyr.ipa.tu-berlin.de\/wp-content\/uploads\/0-1086x1536.jpg 1086w, https:\/\/steyr.ipa.tu-berlin.de\/wp-content\/uploads\/0-1000x1414.jpg 1000w, https:\/\/steyr.ipa.tu-berlin.de\/wp-content\/uploads\/0-230x325.jpg 230w, https:\/\/steyr.ipa.tu-berlin.de\/wp-content\/uploads\/0-350x495.jpg 350w, https:\/\/steyr.ipa.tu-berlin.de\/wp-content\/uploads\/0-480x679.jpg 480w, https:\/\/steyr.ipa.tu-berlin.de\/wp-content\/uploads\/0.jpg 1190w\" sizes=\"auto, (max-width: 724px) 100vw, 724px\" \/><\/figure>\n<\/figure>\n","protected":false},"excerpt":{"rendered":"<p>Herzlich Willkommen im Masterstudiengang Human Factors! Die Ersti-Woche f\u00fcr das Wintersemester 2025\/26 findet vom 13. bis 17. Oktober 2025 statt. Die Einf\u00fchrungsveranstaltung ist am 15.10. von 10:45 bis 11:30 Uhr in Raum H 1058 (Hauptgeb\u00e4ude, Stra\u00dfe des 17. Juni 135, 10623 Berlin. Oder hier: Campusplan). Au\u00dferdem wird es Vorstellungen der Fachgebiete und viele Events zum Kennenlernen geben. Weitere Informationen, wie einen Link zur WhatsApp-Gruppe, findet ihr in unserem&nbsp;ISIS Kurs. Unten findet ihr den Eventplan f\u00fcr die Ersti-Woche, er wird fortlaufend erg\u00e4nzt &#8211; also stay tuned \ud83d\ude42 Wir freuen uns auf euch! Euer HF Chapter<\/p>\n","protected":false},"author":3,"featured_media":0,"comment_status":"open","ping_status":"open","sticky":false,"template":"","format":"standard","meta":{"footnotes":""},"categories":[1],"tags":[],"class_list":["post-422","post","type-post","status-publish","format-standard","hentry","category-uncategorized"],"_links":{"self":[{"href":"https:\/\/steyr.ipa.tu-berlin.de\/index.php?rest_route=\/wp\/v2\/posts\/422","targetHints":{"allow":["GET"]}}],"collection":[{"href":"https:\/\/steyr.ipa.tu-berlin.de\/index.php?rest_route=\/wp\/v2\/posts"}],"about":[{"href":"https:\/\/steyr.ipa.tu-berlin.de\/index.php?rest_route=\/wp\/v2\/types\/post"}],"author":[{"embeddable":true,"href":"https:\/\/steyr.ipa.tu-berlin.de\/index.php?rest_route=\/wp\/v2\/users\/3"}],"replies":[{"embeddable":true,"href":"https:\/\/steyr.ipa.tu-berlin.de\/index.php?rest_route=%2Fwp%2Fv2%2Fcomments&post=422"}],"version-history":[{"count":2,"href":"https:\/\/steyr.ipa.tu-berlin.de\/index.php?rest_route=\/wp\/v2\/posts\/422\/revisions"}],"predecessor-version":[{"id":427,"href":"https:\/\/steyr.ipa.tu-berlin.de\/index.php?rest_route=\/wp\/v2\/posts\/422\/revisions\/427"}],"wp:attachment":[{"href":"https:\/\/steyr.ipa.tu-berlin.de\/index.php?rest_route=%2Fwp%2Fv2%2Fmedia&parent=422"}],"wp:term":[{"taxonomy":"category","embeddable":true,"href":"https:\/\/steyr.ipa.tu-berlin.de\/index.php?rest_route=%2Fwp%2Fv2%2Fcategories&post=422"},{"taxonomy":"post_tag","embeddable":true,"href":"https:\/\/steyr.ipa.tu-berlin.de\/index.php?rest_route=%2Fwp%2Fv2%2Ftags&post=422"}],"curies":[{"name":"wp","href":"https:\/\/api.w.org\/{rel}","templated":true}]}}