{"id":392,"date":"2025-02-07T09:08:51","date_gmt":"2025-02-07T08:08:51","guid":{"rendered":"http:\/\/hfini.ipa.tu-berlin.de\/?p=392"},"modified":"2025-02-07T09:08:51","modified_gmt":"2025-02-07T08:08:51","slug":"hf-studienfahrt-im-sose-2025","status":"publish","type":"post","link":"https:\/\/steyr.ipa.tu-berlin.de\/?p=392","title":{"rendered":"HF-Studienfahrt im SoSe 2025"},"content":{"rendered":"\n<p>\u2600\ufe0f Im Sommersemester wird es wieder eine Studienfahrt f\u00fcr alle Human Factors Studis geben! \u2600\ufe0f<\/p>\n\n\n\n<p>Wir fahren in ein gem\u00fctliches Selbstversorgerhaus mit Badesee in Brandenburg und m\u00f6chten hier gemeinsam entspannen, feiern, Freundschaften kn\u00fcpfen und einfach eine sch\u00f6ne Zeit verbringen.<\/p>\n\n\n\n<p>Die Fahrt wird vom vom<strong> 23. bis 25. Mai 2025 <\/strong>stattfinden &#8211; also save the date \ud83d\ude42<\/p>\n\n\n\n<p>Mehr Infos werden in den n\u00e4chsten Wochen bekanntgegeben. <\/p>\n\n\n\n<p>Wir freuen uns auf euch und ein tolles gemeinsames Wochenende!<\/p>\n","protected":false},"excerpt":{"rendered":"<p>\u2600\ufe0f Im Sommersemester wird es wieder eine Studienfahrt f\u00fcr alle Human Factors Studis geben! \u2600\ufe0f Wir fahren in ein gem\u00fctliches Selbstversorgerhaus mit Badesee in Brandenburg und m\u00f6chten hier gemeinsam entspannen, feiern, Freundschaften kn\u00fcpfen und einfach eine sch\u00f6ne Zeit verbringen. Die Fahrt wird vom vom 23. bis 25. Mai 2025 stattfinden &#8211; also save the date \ud83d\ude42 Mehr Infos werden in den n\u00e4chsten Wochen bekanntgegeben. Wir freuen uns auf euch und ein tolles gemeinsames Wochenende!<\/p>\n","protected":false},"author":3,"featured_media":0,"comment_status":"open","ping_status":"open","sticky":false,"template":"","format":"standard","meta":{"footnotes":""},"categories":[4],"tags":[],"class_list":["post-392","post","type-post","status-publish","format-standard","hentry","category-neuigkeiten"],"_links":{"self":[{"href":"https:\/\/steyr.ipa.tu-berlin.de\/index.php?rest_route=\/wp\/v2\/posts\/392","targetHints":{"allow":["GET"]}}],"collection":[{"href":"https:\/\/steyr.ipa.tu-berlin.de\/index.php?rest_route=\/wp\/v2\/posts"}],"about":[{"href":"https:\/\/steyr.ipa.tu-berlin.de\/index.php?rest_route=\/wp\/v2\/types\/post"}],"author":[{"embeddable":true,"href":"https:\/\/steyr.ipa.tu-berlin.de\/index.php?rest_route=\/wp\/v2\/users\/3"}],"replies":[{"embeddable":true,"href":"https:\/\/steyr.ipa.tu-berlin.de\/index.php?rest_route=%2Fwp%2Fv2%2Fcomments&post=392"}],"version-history":[{"count":3,"href":"https:\/\/steyr.ipa.tu-berlin.de\/index.php?rest_route=\/wp\/v2\/posts\/392\/revisions"}],"predecessor-version":[{"id":395,"href":"https:\/\/steyr.ipa.tu-berlin.de\/index.php?rest_route=\/wp\/v2\/posts\/392\/revisions\/395"}],"wp:attachment":[{"href":"https:\/\/steyr.ipa.tu-berlin.de\/index.php?rest_route=%2Fwp%2Fv2%2Fmedia&parent=392"}],"wp:term":[{"taxonomy":"category","embeddable":true,"href":"https:\/\/steyr.ipa.tu-berlin.de\/index.php?rest_route=%2Fwp%2Fv2%2Fcategories&post=392"},{"taxonomy":"post_tag","embeddable":true,"href":"https:\/\/steyr.ipa.tu-berlin.de\/index.php?rest_route=%2Fwp%2Fv2%2Ftags&post=392"}],"curies":[{"name":"wp","href":"https:\/\/api.w.org\/{rel}","templated":true}]}}