{"id":390,"date":"2025-02-07T08:51:49","date_gmt":"2025-02-07T07:51:49","guid":{"rendered":"http:\/\/hfini.ipa.tu-berlin.de\/?p=390"},"modified":"2025-04-02T10:45:14","modified_gmt":"2025-04-02T08:45:14","slug":"ersti-woche-sommersemester-2025","status":"publish","type":"post","link":"https:\/\/steyr.ipa.tu-berlin.de\/?p=390","title":{"rendered":"Ersti-Woche Sommersemester 2025"},"content":{"rendered":"\n<p><strong>Herzlich Willkommen im Masterstudiengang Human Factors!<\/strong><\/p>\n\n\n\n<p>Die Ersti-Woche f\u00fcr das Sommersemester 2025 findet vom <strong>14. bis 18. April 2025<\/strong> statt. Die <strong>Einf\u00fchrungsveranstaltung ist am 14.04. von 10:00 bis 10:45 Uhr in Raum MAR 0.001 <\/strong>(MAR-Geb\u00e4ude, Marchstra\u00dfe 23, 10587 Berlin. Oder hier: <a href=\"https:\/\/www.tu.berlin\/studieren\/uni-leben\/campusplan\">Campusplan<\/a>). Au\u00dferdem wird es Vorstellungen der Fachgebiete und viele Events zum Kennenlernen geben.<\/p>\n\n\n\n<p>Weitere Informationen, wie einen Link zur WhatsApp-Gruppe, findet ihr in unserem\u00a0<a href=\"https:\/\/isis.tu-berlin.de\/course\/view.php?id=32224\">ISIS Kurs<\/a>.<\/p>\n\n\n\n<p>Unten findet ihr den Eventplan f\u00fcr die Ersti-Woche, er wird fortlaufend erg\u00e4nzt &#8211; also stay tuned \ud83d\ude42 <\/p>\n\n\n\n<p>Wir freuen uns auf euch!<\/p>\n\n\n\n<p>Euer HF Chapter<\/p>\n\n\n\n<figure class=\"wp-block-image size-large\"><img loading=\"lazy\" decoding=\"async\" width=\"851\" height=\"1024\" src=\"http:\/\/hfini.ipa.tu-berlin.de\/wp-content\/uploads\/Bildschirmfoto_2-4-2025_103558_isis.tu-berlin.de_-851x1024.jpeg\" alt=\"\" class=\"wp-image-401\" srcset=\"https:\/\/steyr.ipa.tu-berlin.de\/wp-content\/uploads\/Bildschirmfoto_2-4-2025_103558_isis.tu-berlin.de_-851x1024.jpeg 851w, https:\/\/steyr.ipa.tu-berlin.de\/wp-content\/uploads\/Bildschirmfoto_2-4-2025_103558_isis.tu-berlin.de_-249x300.jpeg 249w, https:\/\/steyr.ipa.tu-berlin.de\/wp-content\/uploads\/Bildschirmfoto_2-4-2025_103558_isis.tu-berlin.de_-768x924.jpeg 768w, https:\/\/steyr.ipa.tu-berlin.de\/wp-content\/uploads\/Bildschirmfoto_2-4-2025_103558_isis.tu-berlin.de_-1000x1203.jpeg 1000w, https:\/\/steyr.ipa.tu-berlin.de\/wp-content\/uploads\/Bildschirmfoto_2-4-2025_103558_isis.tu-berlin.de_-230x277.jpeg 230w, https:\/\/steyr.ipa.tu-berlin.de\/wp-content\/uploads\/Bildschirmfoto_2-4-2025_103558_isis.tu-berlin.de_-350x421.jpeg 350w, https:\/\/steyr.ipa.tu-berlin.de\/wp-content\/uploads\/Bildschirmfoto_2-4-2025_103558_isis.tu-berlin.de_-480x577.jpeg 480w, https:\/\/steyr.ipa.tu-berlin.de\/wp-content\/uploads\/Bildschirmfoto_2-4-2025_103558_isis.tu-berlin.de_.jpeg 1262w\" sizes=\"auto, (max-width: 851px) 100vw, 851px\" \/><\/figure>\n","protected":false},"excerpt":{"rendered":"<p>Herzlich Willkommen im Masterstudiengang Human Factors! Die Ersti-Woche f\u00fcr das Sommersemester 2025 findet vom 14. bis 18. April 2025 statt. Die Einf\u00fchrungsveranstaltung ist am 14.04. von 10:00 bis 10:45 Uhr in Raum MAR 0.001 (MAR-Geb\u00e4ude, Marchstra\u00dfe 23, 10587 Berlin. Oder hier: Campusplan). Au\u00dferdem wird es Vorstellungen der Fachgebiete und viele Events zum Kennenlernen geben. Weitere Informationen, wie einen Link zur WhatsApp-Gruppe, findet ihr in unserem\u00a0ISIS Kurs. Unten findet ihr den Eventplan f\u00fcr die Ersti-Woche, er wird fortlaufend erg\u00e4nzt &#8211; also stay tuned \ud83d\ude42 Wir freuen uns auf euch! Euer HF Chapter<\/p>\n","protected":false},"author":3,"featured_media":0,"comment_status":"open","ping_status":"open","sticky":false,"template":"","format":"standard","meta":{"footnotes":""},"categories":[4],"tags":[],"class_list":["post-390","post","type-post","status-publish","format-standard","hentry","category-neuigkeiten"],"_links":{"self":[{"href":"https:\/\/steyr.ipa.tu-berlin.de\/index.php?rest_route=\/wp\/v2\/posts\/390","targetHints":{"allow":["GET"]}}],"collection":[{"href":"https:\/\/steyr.ipa.tu-berlin.de\/index.php?rest_route=\/wp\/v2\/posts"}],"about":[{"href":"https:\/\/steyr.ipa.tu-berlin.de\/index.php?rest_route=\/wp\/v2\/types\/post"}],"author":[{"embeddable":true,"href":"https:\/\/steyr.ipa.tu-berlin.de\/index.php?rest_route=\/wp\/v2\/users\/3"}],"replies":[{"embeddable":true,"href":"https:\/\/steyr.ipa.tu-berlin.de\/index.php?rest_route=%2Fwp%2Fv2%2Fcomments&post=390"}],"version-history":[{"count":2,"href":"https:\/\/steyr.ipa.tu-berlin.de\/index.php?rest_route=\/wp\/v2\/posts\/390\/revisions"}],"predecessor-version":[{"id":402,"href":"https:\/\/steyr.ipa.tu-berlin.de\/index.php?rest_route=\/wp\/v2\/posts\/390\/revisions\/402"}],"wp:attachment":[{"href":"https:\/\/steyr.ipa.tu-berlin.de\/index.php?rest_route=%2Fwp%2Fv2%2Fmedia&parent=390"}],"wp:term":[{"taxonomy":"category","embeddable":true,"href":"https:\/\/steyr.ipa.tu-berlin.de\/index.php?rest_route=%2Fwp%2Fv2%2Fcategories&post=390"},{"taxonomy":"post_tag","embeddable":true,"href":"https:\/\/steyr.ipa.tu-berlin.de\/index.php?rest_route=%2Fwp%2Fv2%2Ftags&post=390"}],"curies":[{"name":"wp","href":"https:\/\/api.w.org\/{rel}","templated":true}]}}