{"id":369,"date":"2024-08-29T10:48:04","date_gmt":"2024-08-29T08:48:04","guid":{"rendered":"http:\/\/hfini.ipa.tu-berlin.de\/?p=369"},"modified":"2024-10-14T20:27:19","modified_gmt":"2024-10-14T18:27:19","slug":"ersti-woche-wintersemester-2024","status":"publish","type":"post","link":"https:\/\/steyr.ipa.tu-berlin.de\/?p=369","title":{"rendered":"Ersti-Woche Wintersemester 2024"},"content":{"rendered":"\n<p><strong>Herzlich Willkommen im Masterstudiengang Human Factors!<\/strong><\/p>\n\n\n\n<p>Die Ersti-Woche f\u00fcr das Wintersemester 2024\/25 findet vom 14. bis 18.10.2024 statt. Die <strong>Einf\u00fchrungsveranstaltung ist am 15.10.2024 von 13:00 &#8211; 16:00 Uhr in Raum C264 <\/strong>(Chemiegeb\u00e4ude (C) Stra\u00dfe des 17. Juni 115, 10623 Berlin). Einen <a href=\"https:\/\/www.tu.berlin\/studieren\/uni-leben\/campusplan\">Campusplan<\/a> gibt es auf der Website der TU<strong>.<\/strong> Weitere Informationen, wie einen Link zur WhatsApp-Gruppe, findet ihr in unserem <a href=\"https:\/\/isis.tu-berlin.de\/course\/view.php?id=32224\">ISIS Kurs<\/a>.<\/p>\n\n\n\n<p>Unten findet ihr den Eventplan f\u00fcr die Ersti-Woche. Wir freuen uns auf euch!<\/p>\n\n\n\n<p>Bis bald <\/p>\n\n\n\n<p>euer HF-Chapter<\/p>\n\n\n\n<figure class=\"wp-block-image size-full\"><img loading=\"lazy\" decoding=\"async\" width=\"828\" height=\"847\" src=\"http:\/\/hfini.ipa.tu-berlin.de\/wp-content\/uploads\/Plan_Erstiwoche.jpeg\" alt=\"\" class=\"wp-image-380\" srcset=\"https:\/\/steyr.ipa.tu-berlin.de\/wp-content\/uploads\/Plan_Erstiwoche.jpeg 828w, https:\/\/steyr.ipa.tu-berlin.de\/wp-content\/uploads\/Plan_Erstiwoche-293x300.jpeg 293w, https:\/\/steyr.ipa.tu-berlin.de\/wp-content\/uploads\/Plan_Erstiwoche-768x786.jpeg 768w, https:\/\/steyr.ipa.tu-berlin.de\/wp-content\/uploads\/Plan_Erstiwoche-230x235.jpeg 230w, https:\/\/steyr.ipa.tu-berlin.de\/wp-content\/uploads\/Plan_Erstiwoche-350x358.jpeg 350w, https:\/\/steyr.ipa.tu-berlin.de\/wp-content\/uploads\/Plan_Erstiwoche-480x491.jpeg 480w\" sizes=\"auto, (max-width: 828px) 100vw, 828px\" \/><\/figure>\n","protected":false},"excerpt":{"rendered":"<p>Herzlich Willkommen im Masterstudiengang Human Factors! Die Ersti-Woche f\u00fcr das Wintersemester 2024\/25 findet vom 14. bis 18.10.2024 statt. Die Einf\u00fchrungsveranstaltung ist am 15.10.2024 von 13:00 &#8211; 16:00 Uhr in Raum C264 (Chemiegeb\u00e4ude (C) Stra\u00dfe des 17. Juni 115, 10623 Berlin). Einen Campusplan gibt es auf der Website der TU. Weitere Informationen, wie einen Link zur WhatsApp-Gruppe, findet ihr in unserem ISIS Kurs. Unten findet ihr den Eventplan f\u00fcr die Ersti-Woche. Wir freuen uns auf euch! Bis bald euer HF-Chapter<\/p>\n","protected":false},"author":3,"featured_media":0,"comment_status":"open","ping_status":"open","sticky":false,"template":"","format":"standard","meta":{"footnotes":""},"categories":[4],"tags":[],"class_list":["post-369","post","type-post","status-publish","format-standard","hentry","category-neuigkeiten"],"_links":{"self":[{"href":"https:\/\/steyr.ipa.tu-berlin.de\/index.php?rest_route=\/wp\/v2\/posts\/369","targetHints":{"allow":["GET"]}}],"collection":[{"href":"https:\/\/steyr.ipa.tu-berlin.de\/index.php?rest_route=\/wp\/v2\/posts"}],"about":[{"href":"https:\/\/steyr.ipa.tu-berlin.de\/index.php?rest_route=\/wp\/v2\/types\/post"}],"author":[{"embeddable":true,"href":"https:\/\/steyr.ipa.tu-berlin.de\/index.php?rest_route=\/wp\/v2\/users\/3"}],"replies":[{"embeddable":true,"href":"https:\/\/steyr.ipa.tu-berlin.de\/index.php?rest_route=%2Fwp%2Fv2%2Fcomments&post=369"}],"version-history":[{"count":4,"href":"https:\/\/steyr.ipa.tu-berlin.de\/index.php?rest_route=\/wp\/v2\/posts\/369\/revisions"}],"predecessor-version":[{"id":382,"href":"https:\/\/steyr.ipa.tu-berlin.de\/index.php?rest_route=\/wp\/v2\/posts\/369\/revisions\/382"}],"wp:attachment":[{"href":"https:\/\/steyr.ipa.tu-berlin.de\/index.php?rest_route=%2Fwp%2Fv2%2Fmedia&parent=369"}],"wp:term":[{"taxonomy":"category","embeddable":true,"href":"https:\/\/steyr.ipa.tu-berlin.de\/index.php?rest_route=%2Fwp%2Fv2%2Fcategories&post=369"},{"taxonomy":"post_tag","embeddable":true,"href":"https:\/\/steyr.ipa.tu-berlin.de\/index.php?rest_route=%2Fwp%2Fv2%2Ftags&post=369"}],"curies":[{"name":"wp","href":"https:\/\/api.w.org\/{rel}","templated":true}]}}