{"id":356,"date":"2024-06-06T12:21:47","date_gmt":"2024-06-06T10:21:47","guid":{"rendered":"http:\/\/hfini.ipa.tu-berlin.de\/?p=356"},"modified":"2024-06-06T12:22:20","modified_gmt":"2024-06-06T10:22:20","slug":"jobsymposium-im-sommersemester-2024","status":"publish","type":"post","link":"https:\/\/steyr.ipa.tu-berlin.de\/?p=356","title":{"rendered":"Jobsymposium im Sommersemester 2024"},"content":{"rendered":"\n<p>Das n\u00e4chste HF-Jobsymposium steht an ?!<br>Ihr wisst noch nicht wie es nach dem Studium weitergehen soll oder seid einfach interessiert an Erfahrungen von Menschen, die im Human Factors Bereich arbeiten?<\/p>\n\n\n\n<p>?Dann kommt am <strong>18.06.2024 um 17:30 zum HF JOB SYMPOSIUM im MA 041<\/strong> der TU.  <\/p>\n\n\n\n<p>Wir konnten <strong>Speaker*innen von YOUSE, P3 automotive und IABG<\/strong> anwerben, die vielf\u00e4ltige Einblicke in verschiedene berufliche Pfade erm\u00f6glichen k\u00f6nnen. Au\u00dferdem bietet der Abend viele M\u00f6glichkeiten zum Austausch und der Vernetzung zwischen Studierenden, Forschung und Anwendungsgebieten, da das IPA auch eingeladen ist.<br>F\u00fcr Getr\u00e4nke ist gesorgt!<\/p>\n\n\n\n<p>Wir freuen uns auf Euch!<\/p>\n\n\n\n<p>Euer&nbsp;HF-Chapter&nbsp;\u2728<\/p>\n\n\n\n<figure class=\"wp-block-image aligncenter size-large\"><img loading=\"lazy\" decoding=\"async\" width=\"1024\" height=\"1024\" src=\"http:\/\/hfini.ipa.tu-berlin.de\/wp-content\/uploads\/Job-symposium-3-1024x1024.png\" alt=\"\" class=\"wp-image-357\" srcset=\"https:\/\/steyr.ipa.tu-berlin.de\/wp-content\/uploads\/Job-symposium-3-1024x1024.png 1024w, https:\/\/steyr.ipa.tu-berlin.de\/wp-content\/uploads\/Job-symposium-3-300x300.png 300w, https:\/\/steyr.ipa.tu-berlin.de\/wp-content\/uploads\/Job-symposium-3-150x150.png 150w, https:\/\/steyr.ipa.tu-berlin.de\/wp-content\/uploads\/Job-symposium-3-768x768.png 768w, https:\/\/steyr.ipa.tu-berlin.de\/wp-content\/uploads\/Job-symposium-3-1000x1000.png 1000w, https:\/\/steyr.ipa.tu-berlin.de\/wp-content\/uploads\/Job-symposium-3-230x230.png 230w, https:\/\/steyr.ipa.tu-berlin.de\/wp-content\/uploads\/Job-symposium-3-350x350.png 350w, https:\/\/steyr.ipa.tu-berlin.de\/wp-content\/uploads\/Job-symposium-3-480x480.png 480w, https:\/\/steyr.ipa.tu-berlin.de\/wp-content\/uploads\/Job-symposium-3.png 1080w\" sizes=\"auto, (max-width: 1024px) 100vw, 1024px\" \/><\/figure>\n","protected":false},"excerpt":{"rendered":"<p>Das n\u00e4chste HF-Jobsymposium steht an ?!Ihr wisst noch nicht wie es nach dem Studium weitergehen soll oder seid einfach interessiert an Erfahrungen von Menschen, die im Human Factors Bereich arbeiten? ?Dann kommt am 18.06.2024 um 17:30 zum HF JOB SYMPOSIUM im MA 041 der TU. Wir konnten Speaker*innen von YOUSE, P3 automotive und IABG anwerben, die vielf\u00e4ltige Einblicke in verschiedene berufliche Pfade erm\u00f6glichen k\u00f6nnen. Au\u00dferdem bietet der Abend viele M\u00f6glichkeiten zum Austausch und der Vernetzung zwischen Studierenden, Forschung und Anwendungsgebieten, da das IPA auch eingeladen ist.F\u00fcr Getr\u00e4nke ist gesorgt! Wir freuen uns auf Euch! Euer&nbsp;HF-Chapter&nbsp;\u2728<\/p>\n","protected":false},"author":3,"featured_media":0,"comment_status":"open","ping_status":"open","sticky":false,"template":"","format":"standard","meta":{"footnotes":""},"categories":[4],"tags":[11,10,23],"class_list":["post-356","post","type-post","status-publish","format-standard","hentry","category-neuigkeiten","tag-fachschaftsinitiative","tag-human-factors","tag-jobsymposium"],"_links":{"self":[{"href":"https:\/\/steyr.ipa.tu-berlin.de\/index.php?rest_route=\/wp\/v2\/posts\/356","targetHints":{"allow":["GET"]}}],"collection":[{"href":"https:\/\/steyr.ipa.tu-berlin.de\/index.php?rest_route=\/wp\/v2\/posts"}],"about":[{"href":"https:\/\/steyr.ipa.tu-berlin.de\/index.php?rest_route=\/wp\/v2\/types\/post"}],"author":[{"embeddable":true,"href":"https:\/\/steyr.ipa.tu-berlin.de\/index.php?rest_route=\/wp\/v2\/users\/3"}],"replies":[{"embeddable":true,"href":"https:\/\/steyr.ipa.tu-berlin.de\/index.php?rest_route=%2Fwp%2Fv2%2Fcomments&post=356"}],"version-history":[{"count":2,"href":"https:\/\/steyr.ipa.tu-berlin.de\/index.php?rest_route=\/wp\/v2\/posts\/356\/revisions"}],"predecessor-version":[{"id":359,"href":"https:\/\/steyr.ipa.tu-berlin.de\/index.php?rest_route=\/wp\/v2\/posts\/356\/revisions\/359"}],"wp:attachment":[{"href":"https:\/\/steyr.ipa.tu-berlin.de\/index.php?rest_route=%2Fwp%2Fv2%2Fmedia&parent=356"}],"wp:term":[{"taxonomy":"category","embeddable":true,"href":"https:\/\/steyr.ipa.tu-berlin.de\/index.php?rest_route=%2Fwp%2Fv2%2Fcategories&post=356"},{"taxonomy":"post_tag","embeddable":true,"href":"https:\/\/steyr.ipa.tu-berlin.de\/index.php?rest_route=%2Fwp%2Fv2%2Ftags&post=356"}],"curies":[{"name":"wp","href":"https:\/\/api.w.org\/{rel}","templated":true}]}}