{"id":341,"date":"2024-03-15T15:01:59","date_gmt":"2024-03-15T14:01:59","guid":{"rendered":"http:\/\/hfini.ipa.tu-berlin.de\/?p=341"},"modified":"2024-04-11T18:35:39","modified_gmt":"2024-04-11T16:35:39","slug":"ersti-woche-sommersemester-2024","status":"publish","type":"post","link":"https:\/\/steyr.ipa.tu-berlin.de\/?p=341","title":{"rendered":"Ersti-Woche und Ersti-Fahrt Sommersemester 2024"},"content":{"rendered":"\n<p>UPDATE: Im Sommersemester wird es eine Erstifahrt geben ? Diese wird vom 3.-5. Mai stattfinden also save the date! Mehr Infos folgen am 15.4. und die Anmeldung wird am 17.4. er\u00f6ffnet.<\/p>\n\n\n\n<p><strong>Herzlich Willkommen im Masterstudiengang Human Factors! <\/strong><\/p>\n\n\n\n<p>Die Ersti-Woche f\u00fcr das Sommersemester 2024 findet vom 15. bis 19.04.2024 statt. Die <strong>Einf\u00fchrungsveranstaltung ist am 15.04.2024 von 09:00 &#8211; 10:00 Uhr in Raum <a rel=\"noreferrer noopener\" href=\"https:\/\/www.tu.berlin\/communication\/events\/services\/veranstaltungen-planen-und-anmelden\/raeume-und-flaechen\/mar-0011\" data-type=\"URL\" data-id=\"https:\/\/www.tu.berlin\/communication\/events\/services\/veranstaltungen-planen-und-anmelden\/raeume-und-flaechen\/mar-0011\" target=\"_blank\">MAR 0.011<\/a> <\/strong>(Marchstra\u00dfe 23, Erdgeschoss, linker Fl\u00fcgel). Einen <a href=\"https:\/\/www.tu.berlin\/studieren\/uni-leben\/campusplan\" data-type=\"URL\" data-id=\"https:\/\/www.tu.berlin\/studieren\/uni-leben\/campusplan\">Campusplan<\/a> gibt es auf der Website der TU<strong>.<\/strong> Weitere Informationen, wie einen Link zur WhatsApp-Gruppe, findet ihr in unserem <a href=\"https:\/\/isis.tu-berlin.de\/course\/view.php?id=32224\">ISIS Kurs<\/a>.<\/p>\n\n\n\n<p style=\"font-size:16px\">Unabh\u00e4ngig von eurem Fachsemester, vorherigem Studiengang oder, ob ihr schon an der TU Berlin studiert habt, seid Ihr zur Ersti-Woche herzlich eingeladen!<\/p>\n\n\n\n<p>Der vorl\u00e4ufige Plan wird in den kommenden Wochen noch erg\u00e4nzt, als stay tuned!<\/p>\n\n\n\n<p>Wir freuen uns auf Euch!<\/p>\n\n\n\n<figure class=\"wp-block-image size-large\"><img loading=\"lazy\" decoding=\"async\" width=\"1024\" height=\"810\" src=\"http:\/\/hfini.ipa.tu-berlin.de\/wp-content\/uploads\/image-7-1024x810.png\" alt=\"\" class=\"wp-image-350\" srcset=\"https:\/\/steyr.ipa.tu-berlin.de\/wp-content\/uploads\/image-7-1024x810.png 1024w, https:\/\/steyr.ipa.tu-berlin.de\/wp-content\/uploads\/image-7-300x237.png 300w, https:\/\/steyr.ipa.tu-berlin.de\/wp-content\/uploads\/image-7-768x607.png 768w, https:\/\/steyr.ipa.tu-berlin.de\/wp-content\/uploads\/image-7-1536x1214.png 1536w, https:\/\/steyr.ipa.tu-berlin.de\/wp-content\/uploads\/image-7-2048x1619.png 2048w, https:\/\/steyr.ipa.tu-berlin.de\/wp-content\/uploads\/image-7-1000x791.png 1000w, https:\/\/steyr.ipa.tu-berlin.de\/wp-content\/uploads\/image-7-230x182.png 230w, https:\/\/steyr.ipa.tu-berlin.de\/wp-content\/uploads\/image-7-350x277.png 350w, https:\/\/steyr.ipa.tu-berlin.de\/wp-content\/uploads\/image-7-480x380.png 480w\" sizes=\"auto, (max-width: 1024px) 100vw, 1024px\" \/><\/figure>\n","protected":false},"excerpt":{"rendered":"<p>UPDATE: Im Sommersemester wird es eine Erstifahrt geben ? Diese wird vom 3.-5. Mai stattfinden also save the date! Mehr Infos folgen am 15.4. und die Anmeldung wird am 17.4. er\u00f6ffnet. Herzlich Willkommen im Masterstudiengang Human Factors! Die Ersti-Woche f\u00fcr das Sommersemester 2024 findet vom 15. bis 19.04.2024 statt. Die Einf\u00fchrungsveranstaltung ist am 15.04.2024 von 09:00 &#8211; 10:00 Uhr in Raum MAR 0.011 (Marchstra\u00dfe 23, Erdgeschoss, linker Fl\u00fcgel). Einen Campusplan gibt es auf der Website der TU. Weitere Informationen, wie einen Link zur WhatsApp-Gruppe, findet ihr in unserem ISIS Kurs. Unabh\u00e4ngig von eurem Fachsemester, vorherigem Studiengang oder, ob ihr schon an der TU Berlin studiert habt, seid Ihr zur Ersti-Woche herzlich eingeladen! Der vorl\u00e4ufige Plan wird in den kommenden Wochen [&hellip;]<\/p>\n","protected":false},"author":3,"featured_media":0,"comment_status":"open","ping_status":"open","sticky":false,"template":"","format":"standard","meta":{"footnotes":""},"categories":[4],"tags":[22,14,10,8,15],"class_list":["post-341","post","type-post","status-publish","format-standard","hentry","category-neuigkeiten","tag-april","tag-ersti","tag-human-factors","tag-update","tag-woche"],"_links":{"self":[{"href":"https:\/\/steyr.ipa.tu-berlin.de\/index.php?rest_route=\/wp\/v2\/posts\/341","targetHints":{"allow":["GET"]}}],"collection":[{"href":"https:\/\/steyr.ipa.tu-berlin.de\/index.php?rest_route=\/wp\/v2\/posts"}],"about":[{"href":"https:\/\/steyr.ipa.tu-berlin.de\/index.php?rest_route=\/wp\/v2\/types\/post"}],"author":[{"embeddable":true,"href":"https:\/\/steyr.ipa.tu-berlin.de\/index.php?rest_route=\/wp\/v2\/users\/3"}],"replies":[{"embeddable":true,"href":"https:\/\/steyr.ipa.tu-berlin.de\/index.php?rest_route=%2Fwp%2Fv2%2Fcomments&post=341"}],"version-history":[{"count":5,"href":"https:\/\/steyr.ipa.tu-berlin.de\/index.php?rest_route=\/wp\/v2\/posts\/341\/revisions"}],"predecessor-version":[{"id":351,"href":"https:\/\/steyr.ipa.tu-berlin.de\/index.php?rest_route=\/wp\/v2\/posts\/341\/revisions\/351"}],"wp:attachment":[{"href":"https:\/\/steyr.ipa.tu-berlin.de\/index.php?rest_route=%2Fwp%2Fv2%2Fmedia&parent=341"}],"wp:term":[{"taxonomy":"category","embeddable":true,"href":"https:\/\/steyr.ipa.tu-berlin.de\/index.php?rest_route=%2Fwp%2Fv2%2Fcategories&post=341"},{"taxonomy":"post_tag","embeddable":true,"href":"https:\/\/steyr.ipa.tu-berlin.de\/index.php?rest_route=%2Fwp%2Fv2%2Ftags&post=341"}],"curies":[{"name":"wp","href":"https:\/\/api.w.org\/{rel}","templated":true}]}}