{"id":320,"date":"2023-11-05T23:00:01","date_gmt":"2023-11-05T22:00:01","guid":{"rendered":"http:\/\/hfini.ipa.tu-berlin.de\/?p=320"},"modified":"2024-06-06T12:10:57","modified_gmt":"2024-06-06T10:10:57","slug":"21-11-23-job-symposium","status":"publish","type":"post","link":"https:\/\/steyr.ipa.tu-berlin.de\/?p=320","title":{"rendered":"SAVE THE DATE &#8211; Job Symposium (Tesla, DLR, Netzwerk Sustainable UX)"},"content":{"rendered":"\n<figure class=\"wp-block-image size-large is-resized\"><img loading=\"lazy\" decoding=\"async\" src=\"http:\/\/hfini.ipa.tu-berlin.de\/wp-content\/uploads\/WhatsApp-Image-2023-10-31-at-15.19.24-1024x1024.jpeg\" alt=\"\" class=\"wp-image-321\" width=\"540\" height=\"540\" srcset=\"https:\/\/steyr.ipa.tu-berlin.de\/wp-content\/uploads\/WhatsApp-Image-2023-10-31-at-15.19.24-1024x1024.jpeg 1024w, https:\/\/steyr.ipa.tu-berlin.de\/wp-content\/uploads\/WhatsApp-Image-2023-10-31-at-15.19.24-300x300.jpeg 300w, https:\/\/steyr.ipa.tu-berlin.de\/wp-content\/uploads\/WhatsApp-Image-2023-10-31-at-15.19.24-150x150.jpeg 150w, https:\/\/steyr.ipa.tu-berlin.de\/wp-content\/uploads\/WhatsApp-Image-2023-10-31-at-15.19.24-768x768.jpeg 768w, https:\/\/steyr.ipa.tu-berlin.de\/wp-content\/uploads\/WhatsApp-Image-2023-10-31-at-15.19.24-1000x1000.jpeg 1000w, https:\/\/steyr.ipa.tu-berlin.de\/wp-content\/uploads\/WhatsApp-Image-2023-10-31-at-15.19.24-230x230.jpeg 230w, https:\/\/steyr.ipa.tu-berlin.de\/wp-content\/uploads\/WhatsApp-Image-2023-10-31-at-15.19.24-350x350.jpeg 350w, https:\/\/steyr.ipa.tu-berlin.de\/wp-content\/uploads\/WhatsApp-Image-2023-10-31-at-15.19.24-480x480.jpeg 480w, https:\/\/steyr.ipa.tu-berlin.de\/wp-content\/uploads\/WhatsApp-Image-2023-10-31-at-15.19.24.jpeg 1080w\" sizes=\"auto, (max-width: 540px) 100vw, 540px\" \/><\/figure>\n\n\n\n<p><strong>SAVE THE DATE!!!<\/strong><\/p>\n\n\n\n<p>Liebe HF-Studis,<br>das n\u00e4chste HF-Jobsymposium steht an ?!<br>Ihr wisst noch nicht wie es nach dem Studium weitergehen soll oder seid einfach interessiert an Erfahrungsberichten von Menschen, die im Human Factors Bereich arbeiten?<\/p>\n\n\n\n<p>Dann kommt am <strong>21.11.2023 um 18:00<\/strong> zum HF JOB SYMPOSIUM im <strong>EW 202<\/strong> der TU und trefft Speaker:innen von <strong>Tesla, dem DLR und Sustainable UX<\/strong>!<br>F\u00fcr Getr\u00e4nke ist gesorgt ?!<\/p>\n\n\n\n<p>Wir freuen uns auf euch!<\/p>\n\n\n\n<p>Liebe Gr\u00fc\u00dfe,<br>euer HF Chapter<\/p>\n\n\n\n<p class=\"has-text-align-right\"><br><em>05.11.2023<\/em><\/p>\n\n\n\n<p><\/p>\n","protected":false},"excerpt":{"rendered":"<p>SAVE THE DATE!!! Liebe HF-Studis,das n\u00e4chste HF-Jobsymposium steht an ?!Ihr wisst noch nicht wie es nach dem Studium weitergehen soll oder seid einfach interessiert an Erfahrungsberichten von Menschen, die im Human Factors Bereich arbeiten? Dann kommt am 21.11.2023 um 18:00 zum HF JOB SYMPOSIUM im EW 202 der TU und trefft Speaker:innen von Tesla, dem DLR und Sustainable UX!F\u00fcr Getr\u00e4nke ist gesorgt ?! Wir freuen uns auf euch! Liebe Gr\u00fc\u00dfe,euer HF Chapter 05.11.2023<\/p>\n","protected":false},"author":3,"featured_media":0,"comment_status":"open","ping_status":"open","sticky":false,"template":"","format":"standard","meta":{"footnotes":""},"categories":[4],"tags":[17,19,10,20,18,21],"class_list":["post-320","post","type-post","status-publish","format-standard","hentry","category-neuigkeiten","tag-17","tag-career","tag-human-factors","tag-insights","tag-job-symposium","tag-vortraege"],"_links":{"self":[{"href":"https:\/\/steyr.ipa.tu-berlin.de\/index.php?rest_route=\/wp\/v2\/posts\/320","targetHints":{"allow":["GET"]}}],"collection":[{"href":"https:\/\/steyr.ipa.tu-berlin.de\/index.php?rest_route=\/wp\/v2\/posts"}],"about":[{"href":"https:\/\/steyr.ipa.tu-berlin.de\/index.php?rest_route=\/wp\/v2\/types\/post"}],"author":[{"embeddable":true,"href":"https:\/\/steyr.ipa.tu-berlin.de\/index.php?rest_route=\/wp\/v2\/users\/3"}],"replies":[{"embeddable":true,"href":"https:\/\/steyr.ipa.tu-berlin.de\/index.php?rest_route=%2Fwp%2Fv2%2Fcomments&post=320"}],"version-history":[{"count":5,"href":"https:\/\/steyr.ipa.tu-berlin.de\/index.php?rest_route=\/wp\/v2\/posts\/320\/revisions"}],"predecessor-version":[{"id":355,"href":"https:\/\/steyr.ipa.tu-berlin.de\/index.php?rest_route=\/wp\/v2\/posts\/320\/revisions\/355"}],"wp:attachment":[{"href":"https:\/\/steyr.ipa.tu-berlin.de\/index.php?rest_route=%2Fwp%2Fv2%2Fmedia&parent=320"}],"wp:term":[{"taxonomy":"category","embeddable":true,"href":"https:\/\/steyr.ipa.tu-berlin.de\/index.php?rest_route=%2Fwp%2Fv2%2Fcategories&post=320"},{"taxonomy":"post_tag","embeddable":true,"href":"https:\/\/steyr.ipa.tu-berlin.de\/index.php?rest_route=%2Fwp%2Fv2%2Ftags&post=320"}],"curies":[{"name":"wp","href":"https:\/\/api.w.org\/{rel}","templated":true}]}}