{"id":297,"date":"2023-09-29T10:54:06","date_gmt":"2023-09-29T08:54:06","guid":{"rendered":"http:\/\/hfini.ipa.tu-berlin.de\/?p=297"},"modified":"2023-10-07T12:08:10","modified_gmt":"2023-10-07T10:08:10","slug":"zeitplan-fuer-ersti-woche","status":"publish","type":"post","link":"https:\/\/steyr.ipa.tu-berlin.de\/?p=297","title":{"rendered":"Zeitplan f\u00fcr die Ersti-Woche"},"content":{"rendered":"\n<p>Hallo zusammen ?<br><br>Anbei findet ihr einen vorl\u00e4ufigen Zeitplan f\u00fcr die Ersti-Woche vom 16.10.23 &#8211; 20.10.23. Haltet euch nach M\u00f6glichkeit aber die Woche generell frei. \u00dcber weitere \u00c4nderungen am Zeitplan werden wir euch hier und im ISIS-Kurs informieren. Zudem kann es auch in der Woche darauf einzelne Events f\u00fcr Erstsemester geben.<br><br><img loading=\"lazy\" decoding=\"async\" width=\"1000\" height=\"803\" class=\"wp-image-308\" style=\"width: 1000px;\" src=\"http:\/\/hfini.ipa.tu-berlin.de\/wp-content\/uploads\/image-4.png\" alt=\"Zeitplan f\u00fcr die Ersti-Woche\" srcset=\"https:\/\/steyr.ipa.tu-berlin.de\/wp-content\/uploads\/image-4.png 1034w, https:\/\/steyr.ipa.tu-berlin.de\/wp-content\/uploads\/image-4-300x241.png 300w, https:\/\/steyr.ipa.tu-berlin.de\/wp-content\/uploads\/image-4-1024x822.png 1024w, https:\/\/steyr.ipa.tu-berlin.de\/wp-content\/uploads\/image-4-768x616.png 768w, https:\/\/steyr.ipa.tu-berlin.de\/wp-content\/uploads\/image-4-1000x803.png 1000w, https:\/\/steyr.ipa.tu-berlin.de\/wp-content\/uploads\/image-4-230x185.png 230w, https:\/\/steyr.ipa.tu-berlin.de\/wp-content\/uploads\/image-4-350x281.png 350w, https:\/\/steyr.ipa.tu-berlin.de\/wp-content\/uploads\/image-4-480x385.png 480w\" sizes=\"auto, (max-width: 1000px) 100vw, 1000px\" \/><\/p>\n\n\n\n<p><em>Update 6.10.: Das IPA-Fest (IPA = Institut f\u00fcr Psychologie und Arbeitswissenschaften, wo der Studiengang angesiedelt ist) wurde zum Zeitplan hinzugef\u00fcgt. Zudem k\u00f6nnt ihr nun im <a href=\"https:\/\/isis.tu-berlin.de\/course\/view.php?id=32224\" data-type=\"URL\" data-id=\"https:\/\/isis.tu-berlin.de\/course\/view.php?id=32224\" target=\"_blank\" rel=\"noreferrer noopener\">ISIS-Kurs<\/a> den Link zur WhatsApp-Gruppe finden.<\/em> <\/p>\n\n\n\n<p>Wir freuen uns auf euch!<\/p>\n\n\n\n<p>Liebe Gr\u00fc\u00dfe,<br>euer HF Chapter<\/p>\n\n\n\n<p class=\"has-text-align-right\"><br><em>29.09.2023<\/em><\/p>\n","protected":false},"excerpt":{"rendered":"<p>Hallo zusammen ? Anbei findet ihr einen vorl\u00e4ufigen Zeitplan f\u00fcr die Ersti-Woche vom 16.10.23 &#8211; 20.10.23. Haltet euch nach M\u00f6glichkeit aber die Woche generell frei. \u00dcber weitere \u00c4nderungen am Zeitplan werden wir euch hier und im ISIS-Kurs informieren. Zudem kann es auch in der Woche darauf einzelne Events f\u00fcr Erstsemester geben. Update 6.10.: Das IPA-Fest (IPA = Institut f\u00fcr Psychologie und Arbeitswissenschaften, wo der Studiengang angesiedelt ist) wurde zum Zeitplan hinzugef\u00fcgt. Zudem k\u00f6nnt ihr nun im ISIS-Kurs den Link zur WhatsApp-Gruppe finden. Wir freuen uns auf euch! Liebe Gr\u00fc\u00dfe,euer HF Chapter 29.09.2023<\/p>\n","protected":false},"author":3,"featured_media":0,"comment_status":"open","ping_status":"open","sticky":false,"template":"","format":"standard","meta":{"footnotes":""},"categories":[4],"tags":[17,14,10,16,15],"class_list":["post-297","post","type-post","status-publish","format-standard","hentry","category-neuigkeiten","tag-17","tag-ersti","tag-human-factors","tag-oktober","tag-woche"],"_links":{"self":[{"href":"https:\/\/steyr.ipa.tu-berlin.de\/index.php?rest_route=\/wp\/v2\/posts\/297","targetHints":{"allow":["GET"]}}],"collection":[{"href":"https:\/\/steyr.ipa.tu-berlin.de\/index.php?rest_route=\/wp\/v2\/posts"}],"about":[{"href":"https:\/\/steyr.ipa.tu-berlin.de\/index.php?rest_route=\/wp\/v2\/types\/post"}],"author":[{"embeddable":true,"href":"https:\/\/steyr.ipa.tu-berlin.de\/index.php?rest_route=\/wp\/v2\/users\/3"}],"replies":[{"embeddable":true,"href":"https:\/\/steyr.ipa.tu-berlin.de\/index.php?rest_route=%2Fwp%2Fv2%2Fcomments&post=297"}],"version-history":[{"count":5,"href":"https:\/\/steyr.ipa.tu-berlin.de\/index.php?rest_route=\/wp\/v2\/posts\/297\/revisions"}],"predecessor-version":[{"id":316,"href":"https:\/\/steyr.ipa.tu-berlin.de\/index.php?rest_route=\/wp\/v2\/posts\/297\/revisions\/316"}],"wp:attachment":[{"href":"https:\/\/steyr.ipa.tu-berlin.de\/index.php?rest_route=%2Fwp%2Fv2%2Fmedia&parent=297"}],"wp:term":[{"taxonomy":"category","embeddable":true,"href":"https:\/\/steyr.ipa.tu-berlin.de\/index.php?rest_route=%2Fwp%2Fv2%2Fcategories&post=297"},{"taxonomy":"post_tag","embeddable":true,"href":"https:\/\/steyr.ipa.tu-berlin.de\/index.php?rest_route=%2Fwp%2Fv2%2Ftags&post=297"}],"curies":[{"name":"wp","href":"https:\/\/api.w.org\/{rel}","templated":true}]}}