{"id":274,"date":"2023-08-29T16:54:29","date_gmt":"2023-08-29T14:54:29","guid":{"rendered":"http:\/\/hfini.ipa.tu-berlin.de\/?p=274"},"modified":"2023-08-29T16:56:40","modified_gmt":"2023-08-29T14:56:40","slug":"ersti-woche","status":"publish","type":"post","link":"https:\/\/steyr.ipa.tu-berlin.de\/?p=274","title":{"rendered":"Ersti-Woche"},"content":{"rendered":"\n<p class=\"has-text-align-left\">Herzlichen Gl\u00fcckwunsch zum Studienplatz und Willkommen im Masterstudiengang Human Factors!<br>Wir freuen uns sehr euch in unserem Studiengang begr\u00fc\u00dfen zu d\u00fcrfen und euch bald auf dem Campus zu sehen.<br><br>Die Ersti-Woche f\u00fcr das Wintersemester 2023\/24 findet voraussichtlich in der ersten Vorlesungswoche statt, das genaue Datum folgt schnellstm\u00f6glich. Sobald es weitere Informationen gibt werdet ihr diese in unserem <a rel=\"noreferrer noopener\" href=\"https:\/\/isis.tu-berlin.de\/course\/view.php?id=32224\" data-type=\"URL\" data-id=\"https:\/\/isis.tu-berlin.de\/course\/view.php?id=32224\" target=\"_blank\">ISIS-Kurs<\/a> finden. Falls ihr noch keinen Zugang zu ISIS habt, solltet ihr diesen bald erhalten. Dort werden wir auch eine WhatsApp-Gruppe f\u00fcr eure Vernetzung im Jahrgang verlinken.<br><br>Unabh\u00e4ngig von eurem Fachsemester, vorherigem Studiengang oder, ob ihr schon an der TU Berlin studiert habt, seid Ihr zur Ersti-Woche herzlich eingeladen! <\/p>\n\n\n\n<p>Liebe Gr\u00fc\u00dfe,<br>euer HF Chapter<\/p>\n\n\n\n<p class=\"has-text-align-right\"><br><em>29.08.2023<\/em><\/p>\n","protected":false},"excerpt":{"rendered":"<p>Herzlichen Gl\u00fcckwunsch zum Studienplatz und Willkommen im Masterstudiengang Human Factors!Wir freuen uns sehr euch in unserem Studiengang begr\u00fc\u00dfen zu d\u00fcrfen und euch bald auf dem Campus zu sehen. Die Ersti-Woche f\u00fcr das Wintersemester 2023\/24 findet voraussichtlich in der ersten Vorlesungswoche statt, das genaue Datum folgt schnellstm\u00f6glich. Sobald es weitere Informationen gibt werdet ihr diese in unserem ISIS-Kurs finden. Falls ihr noch keinen Zugang zu ISIS habt, solltet ihr diesen bald erhalten. Dort werden wir auch eine WhatsApp-Gruppe f\u00fcr eure Vernetzung im Jahrgang verlinken. Unabh\u00e4ngig von eurem Fachsemester, vorherigem Studiengang oder, ob ihr schon an der TU Berlin studiert habt, seid Ihr zur Ersti-Woche herzlich eingeladen! Liebe Gr\u00fc\u00dfe,euer HF Chapter 29.08.2023<\/p>\n","protected":false},"author":3,"featured_media":0,"comment_status":"open","ping_status":"open","sticky":false,"template":"","format":"standard","meta":{"footnotes":""},"categories":[4],"tags":[17,14,10,16,13,15],"class_list":["post-274","post","type-post","status-publish","format-standard","hentry","category-neuigkeiten","tag-17","tag-ersti","tag-human-factors","tag-oktober","tag-wintersemester","tag-woche"],"_links":{"self":[{"href":"https:\/\/steyr.ipa.tu-berlin.de\/index.php?rest_route=\/wp\/v2\/posts\/274","targetHints":{"allow":["GET"]}}],"collection":[{"href":"https:\/\/steyr.ipa.tu-berlin.de\/index.php?rest_route=\/wp\/v2\/posts"}],"about":[{"href":"https:\/\/steyr.ipa.tu-berlin.de\/index.php?rest_route=\/wp\/v2\/types\/post"}],"author":[{"embeddable":true,"href":"https:\/\/steyr.ipa.tu-berlin.de\/index.php?rest_route=\/wp\/v2\/users\/3"}],"replies":[{"embeddable":true,"href":"https:\/\/steyr.ipa.tu-berlin.de\/index.php?rest_route=%2Fwp%2Fv2%2Fcomments&post=274"}],"version-history":[{"count":7,"href":"https:\/\/steyr.ipa.tu-berlin.de\/index.php?rest_route=\/wp\/v2\/posts\/274\/revisions"}],"predecessor-version":[{"id":282,"href":"https:\/\/steyr.ipa.tu-berlin.de\/index.php?rest_route=\/wp\/v2\/posts\/274\/revisions\/282"}],"wp:attachment":[{"href":"https:\/\/steyr.ipa.tu-berlin.de\/index.php?rest_route=%2Fwp%2Fv2%2Fmedia&parent=274"}],"wp:term":[{"taxonomy":"category","embeddable":true,"href":"https:\/\/steyr.ipa.tu-berlin.de\/index.php?rest_route=%2Fwp%2Fv2%2Fcategories&post=274"},{"taxonomy":"post_tag","embeddable":true,"href":"https:\/\/steyr.ipa.tu-berlin.de\/index.php?rest_route=%2Fwp%2Fv2%2Ftags&post=274"}],"curies":[{"name":"wp","href":"https:\/\/api.w.org\/{rel}","templated":true}]}}