{"id":210,"date":"2023-05-23T18:58:22","date_gmt":"2023-05-23T16:58:22","guid":{"rendered":"http:\/\/hfini.ipa.tu-berlin.de\/?p=210"},"modified":"2023-08-29T16:54:40","modified_gmt":"2023-08-29T14:54:40","slug":"website-update","status":"publish","type":"post","link":"https:\/\/steyr.ipa.tu-berlin.de\/?p=210","title":{"rendered":"Website Update"},"content":{"rendered":"\n<p>Hallo zusammen ?<br><br>lange ist nichts mehr auf dieser Webseite passiert, aber nun geht es wieder voran.<br>Das Human Factors Chapter bekommt in den n\u00e4chsten Wochen wieder eine frische Online-Pr\u00e4senz um \u00fcber die Inititiative, unsere Aktivit\u00e4ten und den Studiengang aufzukl\u00e4ren ?. Also bleibt gespannt!<br><br>Liebe Gr\u00fc\u00dfe,<br>euer HF Chapter<\/p>\n\n\n\n<p class=\"has-text-align-right\"><em>23.05.2023<\/em><\/p>\n","protected":false},"excerpt":{"rendered":"<p>Hallo zusammen ? lange ist nichts mehr auf dieser Webseite passiert, aber nun geht es wieder voran.Das Human Factors Chapter bekommt in den n\u00e4chsten Wochen wieder eine frische Online-Pr\u00e4senz um \u00fcber die Inititiative, unsere Aktivit\u00e4ten und den Studiengang aufzukl\u00e4ren ?. Also bleibt gespannt! Liebe Gr\u00fc\u00dfe,euer HF Chapter 23.05.2023<\/p>\n","protected":false},"author":3,"featured_media":0,"comment_status":"open","ping_status":"open","sticky":false,"template":"","format":"standard","meta":{"footnotes":""},"categories":[4],"tags":[12,11,10,8,9],"class_list":["post-210","post","type-post","status-publish","format-standard","hentry","category-neuigkeiten","tag-chapter","tag-fachschaftsinitiative","tag-human-factors","tag-update","tag-webseite"],"_links":{"self":[{"href":"https:\/\/steyr.ipa.tu-berlin.de\/index.php?rest_route=\/wp\/v2\/posts\/210","targetHints":{"allow":["GET"]}}],"collection":[{"href":"https:\/\/steyr.ipa.tu-berlin.de\/index.php?rest_route=\/wp\/v2\/posts"}],"about":[{"href":"https:\/\/steyr.ipa.tu-berlin.de\/index.php?rest_route=\/wp\/v2\/types\/post"}],"author":[{"embeddable":true,"href":"https:\/\/steyr.ipa.tu-berlin.de\/index.php?rest_route=\/wp\/v2\/users\/3"}],"replies":[{"embeddable":true,"href":"https:\/\/steyr.ipa.tu-berlin.de\/index.php?rest_route=%2Fwp%2Fv2%2Fcomments&post=210"}],"version-history":[{"count":2,"href":"https:\/\/steyr.ipa.tu-berlin.de\/index.php?rest_route=\/wp\/v2\/posts\/210\/revisions"}],"predecessor-version":[{"id":212,"href":"https:\/\/steyr.ipa.tu-berlin.de\/index.php?rest_route=\/wp\/v2\/posts\/210\/revisions\/212"}],"wp:attachment":[{"href":"https:\/\/steyr.ipa.tu-berlin.de\/index.php?rest_route=%2Fwp%2Fv2%2Fmedia&parent=210"}],"wp:term":[{"taxonomy":"category","embeddable":true,"href":"https:\/\/steyr.ipa.tu-berlin.de\/index.php?rest_route=%2Fwp%2Fv2%2Fcategories&post=210"},{"taxonomy":"post_tag","embeddable":true,"href":"https:\/\/steyr.ipa.tu-berlin.de\/index.php?rest_route=%2Fwp%2Fv2%2Ftags&post=210"}],"curies":[{"name":"wp","href":"https:\/\/api.w.org\/{rel}","templated":true}]}}